{"id":286,"date":"2003-11-01T11:00:36","date_gmt":"2003-11-01T10:00:36","guid":{"rendered":"http:\/\/www.valf.fr\/en\/alex\/"},"modified":"2017-06-07T10:34:49","modified_gmt":"2017-06-07T09:34:49","slug":"alex","status":"publish","type":"post","link":"http:\/\/www.valf.fr\/en\/alex\/","title":{"rendered":"Exposition \u00e0 Plein Ciel Cherbourg"},"content":{"rendered":"<p><b>Du 1<\/b><b>er<\/b><b> Novembre au 15 D\u00e9cembre 2003<\/b><\/p>\n<p>Address\u00a0: Espace Beaux-Arts\u00a0 \u2013\u00a0 Plein Ciel<br \/>\n33, rue Albert Mahieu\u00a0 \u2013\u00a0 Cherbourg- France<\/p>\n","protected":false},"excerpt":{"rendered":"<p>Du 1er Novembre au 15 D\u00e9cembre 2003 Address\u00a0: Espace Beaux-Arts\u00a0 \u2013\u00a0 Plein Ciel 33, rue Albert Mahieu\u00a0 \u2013\u00a0 Cherbourg- France<\/p>\n","protected":false},"author":2,"featured_media":214,"comment_status":"closed","ping_status":"closed","sticky":false,"template":"","format":"standard","meta":{"footnotes":""},"categories":[7],"tags":[],"class_list":["post-286","post","type-post","status-publish","format-standard","has-post-thumbnail","hentry","category-expositions-en"],"yoast_head":"<!-- This site is optimized with the Yoast SEO plugin v27.2 - https:\/\/yoast.com\/product\/yoast-seo-wordpress\/ -->\n<title>Exposition \u00e0 Plein Ciel Cherbourg - Val\u00e9rie Francisque<\/title>\n<meta name=\"robots\" content=\"index, follow, max-snippet:-1, max-image-preview:large, max-video-preview:-1\" \/>\n<link rel=\"canonical\" href=\"http:\/\/www.valf.fr\/en\/alex\/\" \/>\n<meta property=\"og:locale\" content=\"en_US\" \/>\n<meta property=\"og:type\" content=\"article\" \/>\n<meta property=\"og:title\" content=\"Exposition \u00e0 Plein Ciel Cherbourg - Val\u00e9rie Francisque\" \/>\n<meta property=\"og:description\" content=\"Du 1er Novembre au 15 D\u00e9cembre 2003 Address\u00a0: Espace Beaux-Arts\u00a0 \u2013\u00a0 Plein Ciel 33, rue Albert Mahieu\u00a0 \u2013\u00a0 Cherbourg- France\" \/>\n<meta property=\"og:url\" content=\"http:\/\/www.valf.fr\/en\/alex\/\" \/>\n<meta property=\"og:site_name\" content=\"Val\u00e9rie Francisque\" \/>\n<meta property=\"article:published_time\" content=\"2003-11-01T10:00:36+00:00\" \/>\n<meta property=\"article:modified_time\" content=\"2017-06-07T09:34:49+00:00\" \/>\n<meta property=\"og:image\" content=\"http:\/\/www.valf.fr\/wp-content\/uploads\/2003\/11\/Invitation-plein-ciel-2003-recto.jpg\" \/>\n\t<meta property=\"og:image:width\" content=\"420\" \/>\n\t<meta property=\"og:image:height\" content=\"594\" \/>\n\t<meta property=\"og:image:type\" content=\"image\/jpeg\" \/>\n<meta name=\"author\" content=\"Val\u00e9rie Francisque\" \/>\n<meta name=\"twitter:card\" content=\"summary_large_image\" \/>\n<meta name=\"twitter:label1\" content=\"Written by\" \/>\n\t<meta name=\"twitter:data1\" content=\"Val\u00e9rie Francisque\" \/>\n<script type=\"application\/ld+json\" class=\"yoast-schema-graph\">{\"@context\":\"https:\/\/schema.org\",\"@graph\":[{\"@type\":\"Article\",\"@id\":\"http:\/\/www.valf.fr\/en\/alex\/#article\",\"isPartOf\":{\"@id\":\"http:\/\/www.valf.fr\/en\/alex\/\"},\"author\":{\"name\":\"Val\u00e9rie Francisque\",\"@id\":\"http:\/\/www.valf.fr\/en\/#\/schema\/person\/d08d8a8bed4490477d4d08ac27233902\"},\"headline\":\"Exposition \u00e0 Plein Ciel Cherbourg\",\"datePublished\":\"2003-11-01T10:00:36+00:00\",\"dateModified\":\"2017-06-07T09:34:49+00:00\",\"mainEntityOfPage\":{\"@id\":\"http:\/\/www.valf.fr\/en\/alex\/\"},\"wordCount\":20,\"image\":{\"@id\":\"http:\/\/www.valf.fr\/en\/alex\/#primaryimage\"},\"thumbnailUrl\":\"http:\/\/www.valf.fr\/wp-content\/uploads\/2003\/11\/Invitation-plein-ciel-2003-recto.jpg\",\"articleSection\":[\"Exhibitions\"],\"inLanguage\":\"en-US\"},{\"@type\":\"WebPage\",\"@id\":\"http:\/\/www.valf.fr\/en\/alex\/\",\"url\":\"http:\/\/www.valf.fr\/en\/alex\/\",\"name\":\"Exposition \u00e0 Plein Ciel Cherbourg - Val\u00e9rie Francisque\",\"isPartOf\":{\"@id\":\"http:\/\/www.valf.fr\/en\/#website\"},\"primaryImageOfPage\":{\"@id\":\"http:\/\/www.valf.fr\/en\/alex\/#primaryimage\"},\"image\":{\"@id\":\"http:\/\/www.valf.fr\/en\/alex\/#primaryimage\"},\"thumbnailUrl\":\"http:\/\/www.valf.fr\/wp-content\/uploads\/2003\/11\/Invitation-plein-ciel-2003-recto.jpg\",\"datePublished\":\"2003-11-01T10:00:36+00:00\",\"dateModified\":\"2017-06-07T09:34:49+00:00\",\"author\":{\"@id\":\"http:\/\/www.valf.fr\/en\/#\/schema\/person\/d08d8a8bed4490477d4d08ac27233902\"},\"breadcrumb\":{\"@id\":\"http:\/\/www.valf.fr\/en\/alex\/#breadcrumb\"},\"inLanguage\":\"en-US\",\"potentialAction\":[{\"@type\":\"ReadAction\",\"target\":[\"http:\/\/www.valf.fr\/en\/alex\/\"]}]},{\"@type\":\"ImageObject\",\"inLanguage\":\"en-US\",\"@id\":\"http:\/\/www.valf.fr\/en\/alex\/#primaryimage\",\"url\":\"http:\/\/www.valf.fr\/wp-content\/uploads\/2003\/11\/Invitation-plein-ciel-2003-recto.jpg\",\"contentUrl\":\"http:\/\/www.valf.fr\/wp-content\/uploads\/2003\/11\/Invitation-plein-ciel-2003-recto.jpg\",\"width\":420,\"height\":594},{\"@type\":\"BreadcrumbList\",\"@id\":\"http:\/\/www.valf.fr\/en\/alex\/#breadcrumb\",\"itemListElement\":[{\"@type\":\"ListItem\",\"position\":1,\"name\":\"Accueil\",\"item\":\"http:\/\/www.valf.fr\/en\/\"},{\"@type\":\"ListItem\",\"position\":2,\"name\":\"Exposition \u00e0 Plein Ciel Cherbourg\"}]},{\"@type\":\"WebSite\",\"@id\":\"http:\/\/www.valf.fr\/en\/#website\",\"url\":\"http:\/\/www.valf.fr\/en\/\",\"name\":\"Val\u00e9rie Francisque\",\"description\":\"Artiste Plasticienne \/ Artist - France\",\"potentialAction\":[{\"@type\":\"SearchAction\",\"target\":{\"@type\":\"EntryPoint\",\"urlTemplate\":\"http:\/\/www.valf.fr\/en\/?s={search_term_string}\"},\"query-input\":{\"@type\":\"PropertyValueSpecification\",\"valueRequired\":true,\"valueName\":\"search_term_string\"}}],\"inLanguage\":\"en-US\"},{\"@type\":\"Person\",\"@id\":\"http:\/\/www.valf.fr\/en\/#\/schema\/person\/d08d8a8bed4490477d4d08ac27233902\",\"name\":\"Val\u00e9rie Francisque\",\"image\":{\"@type\":\"ImageObject\",\"inLanguage\":\"en-US\",\"@id\":\"https:\/\/secure.gravatar.com\/avatar\/07b22b86bcff4c6cf220c8b46b9b6126f7f6c1be973aaa91f1285c0c3fba293d?s=96&d=mm&r=g\",\"url\":\"https:\/\/secure.gravatar.com\/avatar\/07b22b86bcff4c6cf220c8b46b9b6126f7f6c1be973aaa91f1285c0c3fba293d?s=96&d=mm&r=g\",\"contentUrl\":\"https:\/\/secure.gravatar.com\/avatar\/07b22b86bcff4c6cf220c8b46b9b6126f7f6c1be973aaa91f1285c0c3fba293d?s=96&d=mm&r=g\",\"caption\":\"Val\u00e9rie Francisque\"},\"url\":\"http:\/\/www.valf.fr\/en\/author\/valf\/\"}]}<\/script>\n<!-- \/ Yoast SEO plugin. -->","yoast_head_json":{"title":"Exposition \u00e0 Plein Ciel Cherbourg - Val\u00e9rie Francisque","robots":{"index":"index","follow":"follow","max-snippet":"max-snippet:-1","max-image-preview":"max-image-preview:large","max-video-preview":"max-video-preview:-1"},"canonical":"http:\/\/www.valf.fr\/en\/alex\/","og_locale":"en_US","og_type":"article","og_title":"Exposition \u00e0 Plein Ciel Cherbourg - Val\u00e9rie Francisque","og_description":"Du 1er Novembre au 15 D\u00e9cembre 2003 Address\u00a0: Espace Beaux-Arts\u00a0 \u2013\u00a0 Plein Ciel 33, rue Albert Mahieu\u00a0 \u2013\u00a0 Cherbourg- France","og_url":"http:\/\/www.valf.fr\/en\/alex\/","og_site_name":"Val\u00e9rie Francisque","article_published_time":"2003-11-01T10:00:36+00:00","article_modified_time":"2017-06-07T09:34:49+00:00","og_image":[{"width":420,"height":594,"url":"http:\/\/www.valf.fr\/wp-content\/uploads\/2003\/11\/Invitation-plein-ciel-2003-recto.jpg","type":"image\/jpeg"}],"author":"Val\u00e9rie Francisque","twitter_card":"summary_large_image","twitter_misc":{"Written by":"Val\u00e9rie Francisque"},"schema":{"@context":"https:\/\/schema.org","@graph":[{"@type":"Article","@id":"http:\/\/www.valf.fr\/en\/alex\/#article","isPartOf":{"@id":"http:\/\/www.valf.fr\/en\/alex\/"},"author":{"name":"Val\u00e9rie Francisque","@id":"http:\/\/www.valf.fr\/en\/#\/schema\/person\/d08d8a8bed4490477d4d08ac27233902"},"headline":"Exposition \u00e0 Plein Ciel Cherbourg","datePublished":"2003-11-01T10:00:36+00:00","dateModified":"2017-06-07T09:34:49+00:00","mainEntityOfPage":{"@id":"http:\/\/www.valf.fr\/en\/alex\/"},"wordCount":20,"image":{"@id":"http:\/\/www.valf.fr\/en\/alex\/#primaryimage"},"thumbnailUrl":"http:\/\/www.valf.fr\/wp-content\/uploads\/2003\/11\/Invitation-plein-ciel-2003-recto.jpg","articleSection":["Exhibitions"],"inLanguage":"en-US"},{"@type":"WebPage","@id":"http:\/\/www.valf.fr\/en\/alex\/","url":"http:\/\/www.valf.fr\/en\/alex\/","name":"Exposition \u00e0 Plein Ciel Cherbourg - Val\u00e9rie Francisque","isPartOf":{"@id":"http:\/\/www.valf.fr\/en\/#website"},"primaryImageOfPage":{"@id":"http:\/\/www.valf.fr\/en\/alex\/#primaryimage"},"image":{"@id":"http:\/\/www.valf.fr\/en\/alex\/#primaryimage"},"thumbnailUrl":"http:\/\/www.valf.fr\/wp-content\/uploads\/2003\/11\/Invitation-plein-ciel-2003-recto.jpg","datePublished":"2003-11-01T10:00:36+00:00","dateModified":"2017-06-07T09:34:49+00:00","author":{"@id":"http:\/\/www.valf.fr\/en\/#\/schema\/person\/d08d8a8bed4490477d4d08ac27233902"},"breadcrumb":{"@id":"http:\/\/www.valf.fr\/en\/alex\/#breadcrumb"},"inLanguage":"en-US","potentialAction":[{"@type":"ReadAction","target":["http:\/\/www.valf.fr\/en\/alex\/"]}]},{"@type":"ImageObject","inLanguage":"en-US","@id":"http:\/\/www.valf.fr\/en\/alex\/#primaryimage","url":"http:\/\/www.valf.fr\/wp-content\/uploads\/2003\/11\/Invitation-plein-ciel-2003-recto.jpg","contentUrl":"http:\/\/www.valf.fr\/wp-content\/uploads\/2003\/11\/Invitation-plein-ciel-2003-recto.jpg","width":420,"height":594},{"@type":"BreadcrumbList","@id":"http:\/\/www.valf.fr\/en\/alex\/#breadcrumb","itemListElement":[{"@type":"ListItem","position":1,"name":"Accueil","item":"http:\/\/www.valf.fr\/en\/"},{"@type":"ListItem","position":2,"name":"Exposition \u00e0 Plein Ciel Cherbourg"}]},{"@type":"WebSite","@id":"http:\/\/www.valf.fr\/en\/#website","url":"http:\/\/www.valf.fr\/en\/","name":"Val\u00e9rie Francisque","description":"Artiste Plasticienne \/ Artist - France","potentialAction":[{"@type":"SearchAction","target":{"@type":"EntryPoint","urlTemplate":"http:\/\/www.valf.fr\/en\/?s={search_term_string}"},"query-input":{"@type":"PropertyValueSpecification","valueRequired":true,"valueName":"search_term_string"}}],"inLanguage":"en-US"},{"@type":"Person","@id":"http:\/\/www.valf.fr\/en\/#\/schema\/person\/d08d8a8bed4490477d4d08ac27233902","name":"Val\u00e9rie Francisque","image":{"@type":"ImageObject","inLanguage":"en-US","@id":"https:\/\/secure.gravatar.com\/avatar\/07b22b86bcff4c6cf220c8b46b9b6126f7f6c1be973aaa91f1285c0c3fba293d?s=96&d=mm&r=g","url":"https:\/\/secure.gravatar.com\/avatar\/07b22b86bcff4c6cf220c8b46b9b6126f7f6c1be973aaa91f1285c0c3fba293d?s=96&d=mm&r=g","contentUrl":"https:\/\/secure.gravatar.com\/avatar\/07b22b86bcff4c6cf220c8b46b9b6126f7f6c1be973aaa91f1285c0c3fba293d?s=96&d=mm&r=g","caption":"Val\u00e9rie Francisque"},"url":"http:\/\/www.valf.fr\/en\/author\/valf\/"}]}},"_links":{"self":[{"href":"http:\/\/www.valf.fr\/en\/wp-json\/wp\/v2\/posts\/286\/"}],"collection":[{"href":"http:\/\/www.valf.fr\/en\/wp-json\/wp\/v2\/posts\/"}],"about":[{"href":"http:\/\/www.valf.fr\/en\/wp-json\/wp\/v2\/types\/post\/"}],"author":[{"embeddable":true,"href":"http:\/\/www.valf.fr\/en\/wp-json\/wp\/v2\/users\/2\/"}],"replies":[{"embeddable":true,"href":"http:\/\/www.valf.fr\/en\/wp-json\/wp\/v2\/comments\/?post=286"}],"version-history":[{"count":0,"href":"http:\/\/www.valf.fr\/en\/wp-json\/wp\/v2\/posts\/286\/revisions\/"}],"wp:featuredmedia":[{"embeddable":true,"href":"http:\/\/www.valf.fr\/en\/wp-json\/wp\/v2\/media\/214\/"}],"wp:attachment":[{"href":"http:\/\/www.valf.fr\/en\/wp-json\/wp\/v2\/media\/?parent=286"}],"wp:term":[{"taxonomy":"category","embeddable":true,"href":"http:\/\/www.valf.fr\/en\/wp-json\/wp\/v2\/categories\/?post=286"},{"taxonomy":"post_tag","embeddable":true,"href":"http:\/\/www.valf.fr\/en\/wp-json\/wp\/v2\/tags\/?post=286"}],"curies":[{"name":"wp","href":"https:\/\/api.w.org\/{rel}","templated":true}]}}