{"id":296,"date":"2014-01-05T17:06:32","date_gmt":"2014-01-05T16:06:32","guid":{"rendered":"http:\/\/www.valf.fr\/en\/exposition-a-lhotel-dieu-de-valognes-normandie\/"},"modified":"2016-09-19T10:10:32","modified_gmt":"2016-09-19T09:10:32","slug":"exposition-a-lhotel-dieu-de-valognes-normandie","status":"publish","type":"post","link":"http:\/\/www.valf.fr\/en\/exposition-a-lhotel-dieu-de-valognes-normandie\/","title":{"rendered":"Exhibition at the H\u00f4tel Dieu, Valognes"},"content":{"rendered":"<p style=\"text-align: justify;\">2014 : January the 14th to the 28th of February : 10 years exhibitions at the H\u00f4tel Dieu, Valognes, Normandy, France<br \/>\nMr Jacques Coquelin, Mayor of Valognes, and his team decided to celebrate the 10th anniversary of H\u00f4tel Dieu, which is an historical building, where artistic associations live all yearlong and events happen. For this date, they invited the 40 artists who held exhibitions during the last 10 years and asked us to bring one of our creations. The big opening for this collective fair is Tuesday the 14th of January, 7pm. You\u2019re welcome!<\/p>\n","protected":false},"excerpt":{"rendered":"<p>2014 : January the 14th to the 28th of February : 10 years exhibitions at the H\u00f4tel Dieu, Valognes, Normandy, France Mr Jacques Coquelin, Mayor of Valognes, and his team decided to celebrate the 10th anniversary of H\u00f4tel Dieu, which&hellip; <\/p>\n","protected":false},"author":2,"featured_media":295,"comment_status":"closed","ping_status":"closed","sticky":false,"template":"","format":"standard","meta":{"footnotes":""},"categories":[7,9],"tags":[],"class_list":["post-296","post","type-post","status-publish","format-standard","has-post-thumbnail","hentry","category-expositions-en","category-galeries-en"],"yoast_head":"<!-- This site is optimized with the Yoast SEO plugin v27.2 - https:\/\/yoast.com\/product\/yoast-seo-wordpress\/ -->\n<title>Exhibition at the H\u00f4tel Dieu, Valognes - Val\u00e9rie Francisque<\/title>\n<meta name=\"robots\" content=\"index, follow, max-snippet:-1, max-image-preview:large, max-video-preview:-1\" \/>\n<link rel=\"canonical\" href=\"https:\/\/www.valf.fr\/en\/exposition-a-lhotel-dieu-de-valognes-normandie\/\" \/>\n<meta property=\"og:locale\" content=\"en_US\" \/>\n<meta property=\"og:type\" content=\"article\" \/>\n<meta property=\"og:title\" content=\"Exhibition at the H\u00f4tel Dieu, Valognes - Val\u00e9rie Francisque\" \/>\n<meta property=\"og:description\" content=\"2014 : January the 14th to the 28th of February : 10 years exhibitions at the H\u00f4tel Dieu, Valognes, Normandy, France Mr Jacques Coquelin, Mayor of Valognes, and his team decided to celebrate the 10th anniversary of H\u00f4tel Dieu, which&hellip;\" \/>\n<meta property=\"og:url\" content=\"https:\/\/www.valf.fr\/en\/exposition-a-lhotel-dieu-de-valognes-normandie\/\" \/>\n<meta property=\"og:site_name\" content=\"Val\u00e9rie Francisque\" \/>\n<meta property=\"article:published_time\" content=\"2014-01-05T16:06:32+00:00\" \/>\n<meta property=\"article:modified_time\" content=\"2016-09-19T09:10:32+00:00\" \/>\n<meta property=\"og:image\" content=\"https:\/\/www.valf.fr\/wp-content\/uploads\/2016\/09\/10ans-hotel-dieu.jpg\" \/>\n\t<meta property=\"og:image:width\" content=\"700\" \/>\n\t<meta property=\"og:image:height\" content=\"302\" \/>\n\t<meta property=\"og:image:type\" content=\"image\/jpeg\" \/>\n<meta name=\"author\" content=\"Val\u00e9rie Francisque\" \/>\n<meta name=\"twitter:card\" content=\"summary_large_image\" \/>\n<meta name=\"twitter:label1\" content=\"Written by\" \/>\n\t<meta name=\"twitter:data1\" content=\"Val\u00e9rie Francisque\" \/>\n<script type=\"application\/ld+json\" class=\"yoast-schema-graph\">{\"@context\":\"https:\/\/schema.org\",\"@graph\":[{\"@type\":\"Article\",\"@id\":\"https:\/\/www.valf.fr\/en\/exposition-a-lhotel-dieu-de-valognes-normandie\/#article\",\"isPartOf\":{\"@id\":\"https:\/\/www.valf.fr\/en\/exposition-a-lhotel-dieu-de-valognes-normandie\/\"},\"author\":{\"name\":\"Val\u00e9rie Francisque\",\"@id\":\"https:\/\/www.valf.fr\/en\/#\/schema\/person\/d08d8a8bed4490477d4d08ac27233902\"},\"headline\":\"Exhibition at the H\u00f4tel Dieu, Valognes\",\"datePublished\":\"2014-01-05T16:06:32+00:00\",\"dateModified\":\"2016-09-19T09:10:32+00:00\",\"mainEntityOfPage\":{\"@id\":\"https:\/\/www.valf.fr\/en\/exposition-a-lhotel-dieu-de-valognes-normandie\/\"},\"wordCount\":98,\"image\":{\"@id\":\"https:\/\/www.valf.fr\/en\/exposition-a-lhotel-dieu-de-valognes-normandie\/#primaryimage\"},\"thumbnailUrl\":\"http:\/\/www.valf.fr\/wp-content\/uploads\/2016\/09\/10ans-hotel-dieu.jpg\",\"articleSection\":[\"Exhibitions\",\"Galleries\"],\"inLanguage\":\"en-US\"},{\"@type\":\"WebPage\",\"@id\":\"https:\/\/www.valf.fr\/en\/exposition-a-lhotel-dieu-de-valognes-normandie\/\",\"url\":\"https:\/\/www.valf.fr\/en\/exposition-a-lhotel-dieu-de-valognes-normandie\/\",\"name\":\"Exhibition at the H\u00f4tel Dieu, Valognes - Val\u00e9rie Francisque\",\"isPartOf\":{\"@id\":\"https:\/\/www.valf.fr\/en\/#website\"},\"primaryImageOfPage\":{\"@id\":\"https:\/\/www.valf.fr\/en\/exposition-a-lhotel-dieu-de-valognes-normandie\/#primaryimage\"},\"image\":{\"@id\":\"https:\/\/www.valf.fr\/en\/exposition-a-lhotel-dieu-de-valognes-normandie\/#primaryimage\"},\"thumbnailUrl\":\"http:\/\/www.valf.fr\/wp-content\/uploads\/2016\/09\/10ans-hotel-dieu.jpg\",\"datePublished\":\"2014-01-05T16:06:32+00:00\",\"dateModified\":\"2016-09-19T09:10:32+00:00\",\"author\":{\"@id\":\"https:\/\/www.valf.fr\/en\/#\/schema\/person\/d08d8a8bed4490477d4d08ac27233902\"},\"breadcrumb\":{\"@id\":\"https:\/\/www.valf.fr\/en\/exposition-a-lhotel-dieu-de-valognes-normandie\/#breadcrumb\"},\"inLanguage\":\"en-US\",\"potentialAction\":[{\"@type\":\"ReadAction\",\"target\":[\"https:\/\/www.valf.fr\/en\/exposition-a-lhotel-dieu-de-valognes-normandie\/\"]}]},{\"@type\":\"ImageObject\",\"inLanguage\":\"en-US\",\"@id\":\"https:\/\/www.valf.fr\/en\/exposition-a-lhotel-dieu-de-valognes-normandie\/#primaryimage\",\"url\":\"http:\/\/www.valf.fr\/wp-content\/uploads\/2016\/09\/10ans-hotel-dieu.jpg\",\"contentUrl\":\"http:\/\/www.valf.fr\/wp-content\/uploads\/2016\/09\/10ans-hotel-dieu.jpg\",\"width\":700,\"height\":302},{\"@type\":\"BreadcrumbList\",\"@id\":\"https:\/\/www.valf.fr\/en\/exposition-a-lhotel-dieu-de-valognes-normandie\/#breadcrumb\",\"itemListElement\":[{\"@type\":\"ListItem\",\"position\":1,\"name\":\"Accueil\",\"item\":\"https:\/\/www.valf.fr\/en\/\"},{\"@type\":\"ListItem\",\"position\":2,\"name\":\"Exhibition at the H\u00f4tel Dieu, Valognes\"}]},{\"@type\":\"WebSite\",\"@id\":\"https:\/\/www.valf.fr\/en\/#website\",\"url\":\"https:\/\/www.valf.fr\/en\/\",\"name\":\"Val\u00e9rie Francisque\",\"description\":\"Artiste Plasticienne \/ Artist - France\",\"potentialAction\":[{\"@type\":\"SearchAction\",\"target\":{\"@type\":\"EntryPoint\",\"urlTemplate\":\"https:\/\/www.valf.fr\/en\/?s={search_term_string}\"},\"query-input\":{\"@type\":\"PropertyValueSpecification\",\"valueRequired\":true,\"valueName\":\"search_term_string\"}}],\"inLanguage\":\"en-US\"},{\"@type\":\"Person\",\"@id\":\"https:\/\/www.valf.fr\/en\/#\/schema\/person\/d08d8a8bed4490477d4d08ac27233902\",\"name\":\"Val\u00e9rie Francisque\",\"image\":{\"@type\":\"ImageObject\",\"inLanguage\":\"en-US\",\"@id\":\"https:\/\/secure.gravatar.com\/avatar\/07b22b86bcff4c6cf220c8b46b9b6126f7f6c1be973aaa91f1285c0c3fba293d?s=96&d=mm&r=g\",\"url\":\"https:\/\/secure.gravatar.com\/avatar\/07b22b86bcff4c6cf220c8b46b9b6126f7f6c1be973aaa91f1285c0c3fba293d?s=96&d=mm&r=g\",\"contentUrl\":\"https:\/\/secure.gravatar.com\/avatar\/07b22b86bcff4c6cf220c8b46b9b6126f7f6c1be973aaa91f1285c0c3fba293d?s=96&d=mm&r=g\",\"caption\":\"Val\u00e9rie Francisque\"},\"url\":\"http:\/\/www.valf.fr\/en\/author\/valf\/\"}]}<\/script>\n<!-- \/ Yoast SEO plugin. -->","yoast_head_json":{"title":"Exhibition at the H\u00f4tel Dieu, Valognes - Val\u00e9rie Francisque","robots":{"index":"index","follow":"follow","max-snippet":"max-snippet:-1","max-image-preview":"max-image-preview:large","max-video-preview":"max-video-preview:-1"},"canonical":"https:\/\/www.valf.fr\/en\/exposition-a-lhotel-dieu-de-valognes-normandie\/","og_locale":"en_US","og_type":"article","og_title":"Exhibition at the H\u00f4tel Dieu, Valognes - Val\u00e9rie Francisque","og_description":"2014 : January the 14th to the 28th of February : 10 years exhibitions at the H\u00f4tel Dieu, Valognes, Normandy, France Mr Jacques Coquelin, Mayor of Valognes, and his team decided to celebrate the 10th anniversary of H\u00f4tel Dieu, which&hellip;","og_url":"https:\/\/www.valf.fr\/en\/exposition-a-lhotel-dieu-de-valognes-normandie\/","og_site_name":"Val\u00e9rie Francisque","article_published_time":"2014-01-05T16:06:32+00:00","article_modified_time":"2016-09-19T09:10:32+00:00","og_image":[{"width":700,"height":302,"url":"https:\/\/www.valf.fr\/wp-content\/uploads\/2016\/09\/10ans-hotel-dieu.jpg","type":"image\/jpeg"}],"author":"Val\u00e9rie Francisque","twitter_card":"summary_large_image","twitter_misc":{"Written by":"Val\u00e9rie Francisque"},"schema":{"@context":"https:\/\/schema.org","@graph":[{"@type":"Article","@id":"https:\/\/www.valf.fr\/en\/exposition-a-lhotel-dieu-de-valognes-normandie\/#article","isPartOf":{"@id":"https:\/\/www.valf.fr\/en\/exposition-a-lhotel-dieu-de-valognes-normandie\/"},"author":{"name":"Val\u00e9rie Francisque","@id":"https:\/\/www.valf.fr\/en\/#\/schema\/person\/d08d8a8bed4490477d4d08ac27233902"},"headline":"Exhibition at the H\u00f4tel Dieu, Valognes","datePublished":"2014-01-05T16:06:32+00:00","dateModified":"2016-09-19T09:10:32+00:00","mainEntityOfPage":{"@id":"https:\/\/www.valf.fr\/en\/exposition-a-lhotel-dieu-de-valognes-normandie\/"},"wordCount":98,"image":{"@id":"https:\/\/www.valf.fr\/en\/exposition-a-lhotel-dieu-de-valognes-normandie\/#primaryimage"},"thumbnailUrl":"http:\/\/www.valf.fr\/wp-content\/uploads\/2016\/09\/10ans-hotel-dieu.jpg","articleSection":["Exhibitions","Galleries"],"inLanguage":"en-US"},{"@type":"WebPage","@id":"https:\/\/www.valf.fr\/en\/exposition-a-lhotel-dieu-de-valognes-normandie\/","url":"https:\/\/www.valf.fr\/en\/exposition-a-lhotel-dieu-de-valognes-normandie\/","name":"Exhibition at the H\u00f4tel Dieu, Valognes - Val\u00e9rie Francisque","isPartOf":{"@id":"https:\/\/www.valf.fr\/en\/#website"},"primaryImageOfPage":{"@id":"https:\/\/www.valf.fr\/en\/exposition-a-lhotel-dieu-de-valognes-normandie\/#primaryimage"},"image":{"@id":"https:\/\/www.valf.fr\/en\/exposition-a-lhotel-dieu-de-valognes-normandie\/#primaryimage"},"thumbnailUrl":"http:\/\/www.valf.fr\/wp-content\/uploads\/2016\/09\/10ans-hotel-dieu.jpg","datePublished":"2014-01-05T16:06:32+00:00","dateModified":"2016-09-19T09:10:32+00:00","author":{"@id":"https:\/\/www.valf.fr\/en\/#\/schema\/person\/d08d8a8bed4490477d4d08ac27233902"},"breadcrumb":{"@id":"https:\/\/www.valf.fr\/en\/exposition-a-lhotel-dieu-de-valognes-normandie\/#breadcrumb"},"inLanguage":"en-US","potentialAction":[{"@type":"ReadAction","target":["https:\/\/www.valf.fr\/en\/exposition-a-lhotel-dieu-de-valognes-normandie\/"]}]},{"@type":"ImageObject","inLanguage":"en-US","@id":"https:\/\/www.valf.fr\/en\/exposition-a-lhotel-dieu-de-valognes-normandie\/#primaryimage","url":"http:\/\/www.valf.fr\/wp-content\/uploads\/2016\/09\/10ans-hotel-dieu.jpg","contentUrl":"http:\/\/www.valf.fr\/wp-content\/uploads\/2016\/09\/10ans-hotel-dieu.jpg","width":700,"height":302},{"@type":"BreadcrumbList","@id":"https:\/\/www.valf.fr\/en\/exposition-a-lhotel-dieu-de-valognes-normandie\/#breadcrumb","itemListElement":[{"@type":"ListItem","position":1,"name":"Accueil","item":"https:\/\/www.valf.fr\/en\/"},{"@type":"ListItem","position":2,"name":"Exhibition at the H\u00f4tel Dieu, Valognes"}]},{"@type":"WebSite","@id":"https:\/\/www.valf.fr\/en\/#website","url":"https:\/\/www.valf.fr\/en\/","name":"Val\u00e9rie Francisque","description":"Artiste Plasticienne \/ Artist - France","potentialAction":[{"@type":"SearchAction","target":{"@type":"EntryPoint","urlTemplate":"https:\/\/www.valf.fr\/en\/?s={search_term_string}"},"query-input":{"@type":"PropertyValueSpecification","valueRequired":true,"valueName":"search_term_string"}}],"inLanguage":"en-US"},{"@type":"Person","@id":"https:\/\/www.valf.fr\/en\/#\/schema\/person\/d08d8a8bed4490477d4d08ac27233902","name":"Val\u00e9rie Francisque","image":{"@type":"ImageObject","inLanguage":"en-US","@id":"https:\/\/secure.gravatar.com\/avatar\/07b22b86bcff4c6cf220c8b46b9b6126f7f6c1be973aaa91f1285c0c3fba293d?s=96&d=mm&r=g","url":"https:\/\/secure.gravatar.com\/avatar\/07b22b86bcff4c6cf220c8b46b9b6126f7f6c1be973aaa91f1285c0c3fba293d?s=96&d=mm&r=g","contentUrl":"https:\/\/secure.gravatar.com\/avatar\/07b22b86bcff4c6cf220c8b46b9b6126f7f6c1be973aaa91f1285c0c3fba293d?s=96&d=mm&r=g","caption":"Val\u00e9rie Francisque"},"url":"http:\/\/www.valf.fr\/en\/author\/valf\/"}]}},"_links":{"self":[{"href":"http:\/\/www.valf.fr\/en\/wp-json\/wp\/v2\/posts\/296\/"}],"collection":[{"href":"http:\/\/www.valf.fr\/en\/wp-json\/wp\/v2\/posts\/"}],"about":[{"href":"http:\/\/www.valf.fr\/en\/wp-json\/wp\/v2\/types\/post\/"}],"author":[{"embeddable":true,"href":"http:\/\/www.valf.fr\/en\/wp-json\/wp\/v2\/users\/2\/"}],"replies":[{"embeddable":true,"href":"http:\/\/www.valf.fr\/en\/wp-json\/wp\/v2\/comments\/?post=296"}],"version-history":[{"count":0,"href":"http:\/\/www.valf.fr\/en\/wp-json\/wp\/v2\/posts\/296\/revisions\/"}],"wp:featuredmedia":[{"embeddable":true,"href":"http:\/\/www.valf.fr\/en\/wp-json\/wp\/v2\/media\/295\/"}],"wp:attachment":[{"href":"http:\/\/www.valf.fr\/en\/wp-json\/wp\/v2\/media\/?parent=296"}],"wp:term":[{"taxonomy":"category","embeddable":true,"href":"http:\/\/www.valf.fr\/en\/wp-json\/wp\/v2\/categories\/?post=296"},{"taxonomy":"post_tag","embeddable":true,"href":"http:\/\/www.valf.fr\/en\/wp-json\/wp\/v2\/tags\/?post=296"}],"curies":[{"name":"wp","href":"https:\/\/api.w.org\/{rel}","templated":true}]}}