{"id":404,"date":"2007-01-12T10:38:26","date_gmt":"2007-01-12T09:38:26","guid":{"rendered":"https:\/\/www.valf.fr\/?p=404\/"},"modified":"2017-06-07T10:54:14","modified_gmt":"2017-06-07T09:54:14","slug":"2007-carre-cafe-exhibition","status":"publish","type":"post","link":"http:\/\/www.valf.fr\/en\/2007-carre-cafe-exhibition\/","title":{"rendered":"2007 Carr\u00e9 Caf\u00e9 Exhibition"},"content":{"rendered":"<p>During the next two months of February and March 2007, I am exhibiting in the Carr\u00e9 Caf\u00e9 in Cherbourg, 30 rue Foudray (in front of the Salle des f\u00eates). The times are that of the Carre Cafe, open all day, from as soon as you want to have a coffee and until the evening . I am presenting my series of black silhouettes. Entry is free, but take the time and relax in this cosy cafe &#8230; with a small cafe for example!<\/p>\n","protected":false},"excerpt":{"rendered":"<p>During the next two months of February and March 2007, I am exhibiting in the Carr\u00e9 Caf\u00e9 in Cherbourg, 30 rue Foudray (in front of the Salle des f\u00eates). The times are that of the Carre Cafe, open all day,&hellip; <\/p>\n","protected":false},"author":3,"featured_media":360,"comment_status":"closed","ping_status":"closed","sticky":false,"template":"","format":"standard","meta":{"footnotes":""},"categories":[7],"tags":[],"class_list":["post-404","post","type-post","status-publish","format-standard","has-post-thumbnail","hentry","category-expositions-en"],"yoast_head":"<!-- This site is optimized with the Yoast SEO plugin v27.2 - https:\/\/yoast.com\/product\/yoast-seo-wordpress\/ -->\n<title>2007 Carr\u00e9 Caf\u00e9 Exhibition - Val\u00e9rie Francisque<\/title>\n<meta name=\"robots\" content=\"index, follow, max-snippet:-1, max-image-preview:large, max-video-preview:-1\" \/>\n<link rel=\"canonical\" href=\"https:\/\/www.valf.fr\/en\/2007-carre-cafe-exhibition\/\" \/>\n<meta property=\"og:locale\" content=\"en_US\" \/>\n<meta property=\"og:type\" content=\"article\" \/>\n<meta property=\"og:title\" content=\"2007 Carr\u00e9 Caf\u00e9 Exhibition - Val\u00e9rie Francisque\" \/>\n<meta property=\"og:description\" content=\"During the next two months of February and March 2007, I am exhibiting in the Carr\u00e9 Caf\u00e9 in Cherbourg, 30 rue Foudray (in front of the Salle des f\u00eates). The times are that of the Carre Cafe, open all day,&hellip;\" \/>\n<meta property=\"og:url\" content=\"https:\/\/www.valf.fr\/en\/2007-carre-cafe-exhibition\/\" \/>\n<meta property=\"og:site_name\" content=\"Val\u00e9rie Francisque\" \/>\n<meta property=\"article:published_time\" content=\"2007-01-12T09:38:26+00:00\" \/>\n<meta property=\"article:modified_time\" content=\"2017-06-07T09:54:14+00:00\" \/>\n<meta property=\"og:image\" content=\"https:\/\/www.valf.fr\/wp-content\/uploads\/2016\/12\/Affiche-carr\u00e9-caf\u00e9-2007-01.jpg\" \/>\n\t<meta property=\"og:image:width\" content=\"720\" \/>\n\t<meta property=\"og:image:height\" content=\"1040\" \/>\n\t<meta property=\"og:image:type\" content=\"image\/jpeg\" \/>\n<meta name=\"author\" content=\"alex\" \/>\n<meta name=\"twitter:card\" content=\"summary_large_image\" \/>\n<meta name=\"twitter:label1\" content=\"Written by\" \/>\n\t<meta name=\"twitter:data1\" content=\"alex\" \/>\n<script type=\"application\/ld+json\" class=\"yoast-schema-graph\">{\"@context\":\"https:\/\/schema.org\",\"@graph\":[{\"@type\":\"Article\",\"@id\":\"https:\/\/www.valf.fr\/en\/2007-carre-cafe-exhibition\/#article\",\"isPartOf\":{\"@id\":\"https:\/\/www.valf.fr\/en\/2007-carre-cafe-exhibition\/\"},\"author\":{\"name\":\"alex\",\"@id\":\"https:\/\/www.valf.fr\/en\/#\/schema\/person\/0be74d36cd593b3bcd68a82e31e4c4a4\"},\"headline\":\"2007 Carr\u00e9 Caf\u00e9 Exhibition\",\"datePublished\":\"2007-01-12T09:38:26+00:00\",\"dateModified\":\"2017-06-07T09:54:14+00:00\",\"mainEntityOfPage\":{\"@id\":\"https:\/\/www.valf.fr\/en\/2007-carre-cafe-exhibition\/\"},\"wordCount\":83,\"image\":{\"@id\":\"https:\/\/www.valf.fr\/en\/2007-carre-cafe-exhibition\/#primaryimage\"},\"thumbnailUrl\":\"http:\/\/www.valf.fr\/wp-content\/uploads\/2016\/12\/Affiche-carr\u00e9-caf\u00e9-2007-01.jpg\",\"articleSection\":[\"Exhibitions\"],\"inLanguage\":\"en-US\"},{\"@type\":\"WebPage\",\"@id\":\"https:\/\/www.valf.fr\/en\/2007-carre-cafe-exhibition\/\",\"url\":\"https:\/\/www.valf.fr\/en\/2007-carre-cafe-exhibition\/\",\"name\":\"2007 Carr\u00e9 Caf\u00e9 Exhibition - Val\u00e9rie Francisque\",\"isPartOf\":{\"@id\":\"https:\/\/www.valf.fr\/en\/#website\"},\"primaryImageOfPage\":{\"@id\":\"https:\/\/www.valf.fr\/en\/2007-carre-cafe-exhibition\/#primaryimage\"},\"image\":{\"@id\":\"https:\/\/www.valf.fr\/en\/2007-carre-cafe-exhibition\/#primaryimage\"},\"thumbnailUrl\":\"http:\/\/www.valf.fr\/wp-content\/uploads\/2016\/12\/Affiche-carr\u00e9-caf\u00e9-2007-01.jpg\",\"datePublished\":\"2007-01-12T09:38:26+00:00\",\"dateModified\":\"2017-06-07T09:54:14+00:00\",\"author\":{\"@id\":\"https:\/\/www.valf.fr\/en\/#\/schema\/person\/0be74d36cd593b3bcd68a82e31e4c4a4\"},\"breadcrumb\":{\"@id\":\"https:\/\/www.valf.fr\/en\/2007-carre-cafe-exhibition\/#breadcrumb\"},\"inLanguage\":\"en-US\",\"potentialAction\":[{\"@type\":\"ReadAction\",\"target\":[\"https:\/\/www.valf.fr\/en\/2007-carre-cafe-exhibition\/\"]}]},{\"@type\":\"ImageObject\",\"inLanguage\":\"en-US\",\"@id\":\"https:\/\/www.valf.fr\/en\/2007-carre-cafe-exhibition\/#primaryimage\",\"url\":\"http:\/\/www.valf.fr\/wp-content\/uploads\/2016\/12\/Affiche-carr\u00e9-caf\u00e9-2007-01.jpg\",\"contentUrl\":\"http:\/\/www.valf.fr\/wp-content\/uploads\/2016\/12\/Affiche-carr\u00e9-caf\u00e9-2007-01.jpg\",\"width\":720,\"height\":1040},{\"@type\":\"BreadcrumbList\",\"@id\":\"https:\/\/www.valf.fr\/en\/2007-carre-cafe-exhibition\/#breadcrumb\",\"itemListElement\":[{\"@type\":\"ListItem\",\"position\":1,\"name\":\"Accueil\",\"item\":\"https:\/\/www.valf.fr\/en\/\"},{\"@type\":\"ListItem\",\"position\":2,\"name\":\"2007 Carr\u00e9 Caf\u00e9 Exhibition\"}]},{\"@type\":\"WebSite\",\"@id\":\"https:\/\/www.valf.fr\/en\/#website\",\"url\":\"https:\/\/www.valf.fr\/en\/\",\"name\":\"Val\u00e9rie Francisque\",\"description\":\"Artiste Plasticienne \/ Artist - France\",\"potentialAction\":[{\"@type\":\"SearchAction\",\"target\":{\"@type\":\"EntryPoint\",\"urlTemplate\":\"https:\/\/www.valf.fr\/en\/?s={search_term_string}\"},\"query-input\":{\"@type\":\"PropertyValueSpecification\",\"valueRequired\":true,\"valueName\":\"search_term_string\"}}],\"inLanguage\":\"en-US\"},{\"@type\":\"Person\",\"@id\":\"https:\/\/www.valf.fr\/en\/#\/schema\/person\/0be74d36cd593b3bcd68a82e31e4c4a4\",\"name\":\"alex\",\"image\":{\"@type\":\"ImageObject\",\"inLanguage\":\"en-US\",\"@id\":\"https:\/\/secure.gravatar.com\/avatar\/c48367e18e482e05cb53daeb5080b176f248383e390ac8c31fa7ec5f6a411df7?s=96&d=mm&r=g\",\"url\":\"https:\/\/secure.gravatar.com\/avatar\/c48367e18e482e05cb53daeb5080b176f248383e390ac8c31fa7ec5f6a411df7?s=96&d=mm&r=g\",\"contentUrl\":\"https:\/\/secure.gravatar.com\/avatar\/c48367e18e482e05cb53daeb5080b176f248383e390ac8c31fa7ec5f6a411df7?s=96&d=mm&r=g\",\"caption\":\"alex\"},\"url\":\"http:\/\/www.valf.fr\/en\/author\/alex\/\"}]}<\/script>\n<!-- \/ Yoast SEO plugin. -->","yoast_head_json":{"title":"2007 Carr\u00e9 Caf\u00e9 Exhibition - Val\u00e9rie Francisque","robots":{"index":"index","follow":"follow","max-snippet":"max-snippet:-1","max-image-preview":"max-image-preview:large","max-video-preview":"max-video-preview:-1"},"canonical":"https:\/\/www.valf.fr\/en\/2007-carre-cafe-exhibition\/","og_locale":"en_US","og_type":"article","og_title":"2007 Carr\u00e9 Caf\u00e9 Exhibition - Val\u00e9rie Francisque","og_description":"During the next two months of February and March 2007, I am exhibiting in the Carr\u00e9 Caf\u00e9 in Cherbourg, 30 rue Foudray (in front of the Salle des f\u00eates). The times are that of the Carre Cafe, open all day,&hellip;","og_url":"https:\/\/www.valf.fr\/en\/2007-carre-cafe-exhibition\/","og_site_name":"Val\u00e9rie Francisque","article_published_time":"2007-01-12T09:38:26+00:00","article_modified_time":"2017-06-07T09:54:14+00:00","og_image":[{"width":720,"height":1040,"url":"https:\/\/www.valf.fr\/wp-content\/uploads\/2016\/12\/Affiche-carr\u00e9-caf\u00e9-2007-01.jpg","type":"image\/jpeg"}],"author":"alex","twitter_card":"summary_large_image","twitter_misc":{"Written by":"alex"},"schema":{"@context":"https:\/\/schema.org","@graph":[{"@type":"Article","@id":"https:\/\/www.valf.fr\/en\/2007-carre-cafe-exhibition\/#article","isPartOf":{"@id":"https:\/\/www.valf.fr\/en\/2007-carre-cafe-exhibition\/"},"author":{"name":"alex","@id":"https:\/\/www.valf.fr\/en\/#\/schema\/person\/0be74d36cd593b3bcd68a82e31e4c4a4"},"headline":"2007 Carr\u00e9 Caf\u00e9 Exhibition","datePublished":"2007-01-12T09:38:26+00:00","dateModified":"2017-06-07T09:54:14+00:00","mainEntityOfPage":{"@id":"https:\/\/www.valf.fr\/en\/2007-carre-cafe-exhibition\/"},"wordCount":83,"image":{"@id":"https:\/\/www.valf.fr\/en\/2007-carre-cafe-exhibition\/#primaryimage"},"thumbnailUrl":"http:\/\/www.valf.fr\/wp-content\/uploads\/2016\/12\/Affiche-carr\u00e9-caf\u00e9-2007-01.jpg","articleSection":["Exhibitions"],"inLanguage":"en-US"},{"@type":"WebPage","@id":"https:\/\/www.valf.fr\/en\/2007-carre-cafe-exhibition\/","url":"https:\/\/www.valf.fr\/en\/2007-carre-cafe-exhibition\/","name":"2007 Carr\u00e9 Caf\u00e9 Exhibition - Val\u00e9rie Francisque","isPartOf":{"@id":"https:\/\/www.valf.fr\/en\/#website"},"primaryImageOfPage":{"@id":"https:\/\/www.valf.fr\/en\/2007-carre-cafe-exhibition\/#primaryimage"},"image":{"@id":"https:\/\/www.valf.fr\/en\/2007-carre-cafe-exhibition\/#primaryimage"},"thumbnailUrl":"http:\/\/www.valf.fr\/wp-content\/uploads\/2016\/12\/Affiche-carr\u00e9-caf\u00e9-2007-01.jpg","datePublished":"2007-01-12T09:38:26+00:00","dateModified":"2017-06-07T09:54:14+00:00","author":{"@id":"https:\/\/www.valf.fr\/en\/#\/schema\/person\/0be74d36cd593b3bcd68a82e31e4c4a4"},"breadcrumb":{"@id":"https:\/\/www.valf.fr\/en\/2007-carre-cafe-exhibition\/#breadcrumb"},"inLanguage":"en-US","potentialAction":[{"@type":"ReadAction","target":["https:\/\/www.valf.fr\/en\/2007-carre-cafe-exhibition\/"]}]},{"@type":"ImageObject","inLanguage":"en-US","@id":"https:\/\/www.valf.fr\/en\/2007-carre-cafe-exhibition\/#primaryimage","url":"http:\/\/www.valf.fr\/wp-content\/uploads\/2016\/12\/Affiche-carr\u00e9-caf\u00e9-2007-01.jpg","contentUrl":"http:\/\/www.valf.fr\/wp-content\/uploads\/2016\/12\/Affiche-carr\u00e9-caf\u00e9-2007-01.jpg","width":720,"height":1040},{"@type":"BreadcrumbList","@id":"https:\/\/www.valf.fr\/en\/2007-carre-cafe-exhibition\/#breadcrumb","itemListElement":[{"@type":"ListItem","position":1,"name":"Accueil","item":"https:\/\/www.valf.fr\/en\/"},{"@type":"ListItem","position":2,"name":"2007 Carr\u00e9 Caf\u00e9 Exhibition"}]},{"@type":"WebSite","@id":"https:\/\/www.valf.fr\/en\/#website","url":"https:\/\/www.valf.fr\/en\/","name":"Val\u00e9rie Francisque","description":"Artiste Plasticienne \/ Artist - France","potentialAction":[{"@type":"SearchAction","target":{"@type":"EntryPoint","urlTemplate":"https:\/\/www.valf.fr\/en\/?s={search_term_string}"},"query-input":{"@type":"PropertyValueSpecification","valueRequired":true,"valueName":"search_term_string"}}],"inLanguage":"en-US"},{"@type":"Person","@id":"https:\/\/www.valf.fr\/en\/#\/schema\/person\/0be74d36cd593b3bcd68a82e31e4c4a4","name":"alex","image":{"@type":"ImageObject","inLanguage":"en-US","@id":"https:\/\/secure.gravatar.com\/avatar\/c48367e18e482e05cb53daeb5080b176f248383e390ac8c31fa7ec5f6a411df7?s=96&d=mm&r=g","url":"https:\/\/secure.gravatar.com\/avatar\/c48367e18e482e05cb53daeb5080b176f248383e390ac8c31fa7ec5f6a411df7?s=96&d=mm&r=g","contentUrl":"https:\/\/secure.gravatar.com\/avatar\/c48367e18e482e05cb53daeb5080b176f248383e390ac8c31fa7ec5f6a411df7?s=96&d=mm&r=g","caption":"alex"},"url":"http:\/\/www.valf.fr\/en\/author\/alex\/"}]}},"_links":{"self":[{"href":"http:\/\/www.valf.fr\/en\/wp-json\/wp\/v2\/posts\/404\/"}],"collection":[{"href":"http:\/\/www.valf.fr\/en\/wp-json\/wp\/v2\/posts\/"}],"about":[{"href":"http:\/\/www.valf.fr\/en\/wp-json\/wp\/v2\/types\/post\/"}],"author":[{"embeddable":true,"href":"http:\/\/www.valf.fr\/en\/wp-json\/wp\/v2\/users\/3\/"}],"replies":[{"embeddable":true,"href":"http:\/\/www.valf.fr\/en\/wp-json\/wp\/v2\/comments\/?post=404"}],"version-history":[{"count":0,"href":"http:\/\/www.valf.fr\/en\/wp-json\/wp\/v2\/posts\/404\/revisions\/"}],"wp:featuredmedia":[{"embeddable":true,"href":"http:\/\/www.valf.fr\/en\/wp-json\/wp\/v2\/media\/360\/"}],"wp:attachment":[{"href":"http:\/\/www.valf.fr\/en\/wp-json\/wp\/v2\/media\/?parent=404"}],"wp:term":[{"taxonomy":"category","embeddable":true,"href":"http:\/\/www.valf.fr\/en\/wp-json\/wp\/v2\/categories\/?post=404"},{"taxonomy":"post_tag","embeddable":true,"href":"http:\/\/www.valf.fr\/en\/wp-json\/wp\/v2\/tags\/?post=404"}],"curies":[{"name":"wp","href":"https:\/\/api.w.org\/{rel}","templated":true}]}}